{"id":4785,"date":"2020-07-31T12:00:00","date_gmt":"2020-07-31T11:00:00","guid":{"rendered":"https:\/\/fruchtstueck.de\/?p=4785"},"modified":"2020-10-20T16:35:45","modified_gmt":"2020-10-20T15:35:45","slug":"26-2-meissen-mit-porzellan-dom-und-burg","status":"publish","type":"post","link":"https:\/\/fruchtstueck.de\/?p=4785","title":{"rendered":"# 26.2 &#8211; Mei\u00dfen mit Porzellan, Dom und Burg"},"content":{"rendered":"\n<p>Die etwas regnerische Wetterlage brachte uns spontan dazu, erst einen weiteren Tag in Mei\u00dfen einzulegen, bevor es in das Elbsandsteingebirge geht.<\/p>\n\n\n\n<p>Der Besuch f\u00fchrte uns zun\u00e4chst in die Porzellanmanufaktur Meissen, wo wir die Ausstellung anschauten und auch eine F\u00fchrung wahrnahmen.<\/p>\n\n\n\n<p>Wusstet ihr, dass Porzellan beim Brennen um ein Sechstel schrumpft!? Und, dass bei den gemalten Farben nur blau und gr\u00fcn sp\u00fclmaschinenfest sind!? Auch die ganze Produktion: alles andere als einfach und mit sehr viel Kunstfertigkeit verbunden.<\/p>\n\n\n\nngg_shortcode_0_placeholder\n\n\n\nngg_shortcode_1_placeholder\n\n\n\nngg_shortcode_2_placeholder\n\n\n\nngg_shortcode_3_placeholder\n\n\n\n<p>Durch die Stadt konnten wir zu Fu\u00df laufen. Der Marktplatz ist sehr h\u00fcbsch und der Weg hoch zu Burg und Dom f\u00fchrt durch steile, enge Gassen zum Torhaus.<\/p>\n\n\n\nngg_shortcode_4_placeholder\n\n\n\nngg_shortcode_5_placeholder\n\n\n\nngg_shortcode_6_placeholder\n\n\n\n<p>Den gro\u00dfen, eher schlichten Dom kann man besichtigen.<\/p>\n\n\n\nngg_shortcode_7_placeholder\n\n\n\nngg_shortcode_8_placeholder\n\n\n\n<p>Der Dom scheint fast mit der Albrechtsburg verwoben. Sie stammt zwar aus dem 15. Jahrhundert, die Innenausgestaltung ist jedoch nicht ganz so alt.  Sehenswert und fotogen ist die Wendeltreppe mit den geschwungenen Stufen am Ausgang. Interessant ist auch, dass hier fr\u00fcher zwischenzeitlich die Porzellanmanufaktur untergebracht war.<\/p>\n\n\n\nngg_shortcode_9_placeholder\n\n\n\nngg_shortcode_10_placeholder\n\n\n\nngg_shortcode_11_placeholder\n\n\n\nngg_shortcode_12_placeholder\n\n\n\nngg_shortcode_13_placeholder\n\n\n\n<p>Zur \u00dcbernachtung fuhren wir zum Stellplatz an der Moritzburg. Die Moritzburg hat ein wirklich stattliches \u00c4u\u00dferes, mehr gibt es dort und auch drumherum leider nicht zu sehen.<\/p>\n\n\n\nngg_shortcode_14_placeholder\n\n\n\n<p><\/p>\n","protected":false},"excerpt":{"rendered":"<p>Die etwas regnerische Wetterlage brachte uns spontan dazu, erst einen weiteren Tag in Mei\u00dfen einzulegen, bevor es in das Elbsandsteingebirge geht. Der Besuch f\u00fchrte uns zun\u00e4chst in die Porzellanmanufaktur Meissen, wo wir die Ausstellung anschauten und auch eine F\u00fchrung wahrnahmen.&hellip; <\/p>\n","protected":false},"author":3,"featured_media":0,"comment_status":"open","ping_status":"closed","sticky":false,"template":"","format":"standard","meta":{"ngg_post_thumbnail":0,"footnotes":""},"categories":[5],"tags":[798,800,796,797,799,571],"class_list":["post-4785","post","type-post","status-publish","format-standard","hentry","category-deutschland","tag-albrechtsburg","tag-dom-zu-meissen","tag-meissen","tag-meissener-porzellan","tag-moritzburg","tag-porzellan"],"_links":{"self":[{"href":"https:\/\/fruchtstueck.de\/index.php?rest_route=\/wp\/v2\/posts\/4785","targetHints":{"allow":["GET"]}}],"collection":[{"href":"https:\/\/fruchtstueck.de\/index.php?rest_route=\/wp\/v2\/posts"}],"about":[{"href":"https:\/\/fruchtstueck.de\/index.php?rest_route=\/wp\/v2\/types\/post"}],"author":[{"embeddable":true,"href":"https:\/\/fruchtstueck.de\/index.php?rest_route=\/wp\/v2\/users\/3"}],"replies":[{"embeddable":true,"href":"https:\/\/fruchtstueck.de\/index.php?rest_route=%2Fwp%2Fv2%2Fcomments&post=4785"}],"version-history":[{"count":3,"href":"https:\/\/fruchtstueck.de\/index.php?rest_route=\/wp\/v2\/posts\/4785\/revisions"}],"predecessor-version":[{"id":4842,"href":"https:\/\/fruchtstueck.de\/index.php?rest_route=\/wp\/v2\/posts\/4785\/revisions\/4842"}],"wp:attachment":[{"href":"https:\/\/fruchtstueck.de\/index.php?rest_route=%2Fwp%2Fv2%2Fmedia&parent=4785"}],"wp:term":[{"taxonomy":"category","embeddable":true,"href":"https:\/\/fruchtstueck.de\/index.php?rest_route=%2Fwp%2Fv2%2Fcategories&post=4785"},{"taxonomy":"post_tag","embeddable":true,"href":"https:\/\/fruchtstueck.de\/index.php?rest_route=%2Fwp%2Fv2%2Ftags&post=4785"}],"curies":[{"name":"wp","href":"https:\/\/api.w.org\/{rel}","templated":true}]}}