{"id":4130,"date":"2019-04-05T14:00:00","date_gmt":"2019-04-05T13:00:00","guid":{"rendered":"https:\/\/fruchtstueck.de\/?p=4130"},"modified":"2020-07-17T11:32:15","modified_gmt":"2020-07-17T10:32:15","slug":"22-4-wien-teil-1-dom-hofreitschule-city-kirchen-und-hundertwasser","status":"publish","type":"post","link":"https:\/\/fruchtstueck.de\/?p=4130","title":{"rendered":"#22.4 &#8211; Wien Teil 1: Dom, Hofreitschule, City, Kirchen und Hundertwasser"},"content":{"rendered":"\n<p>Mit einer \u00dcbernachtung auf einem Stellplatz in Bad Schallerbach f\u00fchrte uns der weitere Weg nach Wien. W\u00e4hrend der Fahrt suchten wir per Mail den Kontakt zu einem anderen P\u00f6ssl-Freund aus dem Forum, mit dem wir uns Monate zuvor \u00fcber technische L\u00f6sungen ausgetauscht hatten. Seine Aufforderung &#8222;wenn ihr mal hier in Wien seid&#8220; haben wir kurzentschlossen aufgegriffen. Und&#8230; Es kam promt eine Antwort. Wir verabredeten uns zum Treffen am Stellplatz. Zum Gl\u00fcck haben die ja Platznummern, gesehen hatten wir uns bis dahin ja noch nicht. Auch sonst wussten wir gar nichts voneinander. Die Freude beim ersten Aufeinandertreffen war riesig und wir wurden sofort zum Abendessen in ihrem Zuhause eingeladen. Cool! Es war ein herrlicher Abend in der Familie und auch die zwei S\u00f6hne kamen hinzu. Interessanterweise stellten sich in den Gespr\u00e4chen etliche Gemeinsamkeiten zwischen uns heraus. Nat\u00fcrlich bekamen wir noch einige  Tipps aus erster Hand. Besser kann so ein Trip doch nicht starten! <\/p>\n\n\n\n<p>Trotz ihrer Arbeit und ohne vorherige Planung meldeten Sie sich nochmals und sie holten uns erneut ab, um gemeinsam mit allen zum Heurigen zu fahren. Welch ein sch\u00f6ner Abend! Als Hochdeutschler konnten wir auch noch das eine oder andere Wort dazulernen und \u00f6sterreichische Spezialit\u00e4ten genie\u00dfen. Einen ganz lieben Dank f\u00fcr die herzliche Umsorgung! <\/p>\n\n\n\n<p>Am n\u00e4chsten Tag ging es dann mit unserem Sightseeing los. Mit der U-Bahn ging es von der Perfektastra\u00dfe direkt in das Herz der City zum Stephansdom. Der ist als Hauptattraktion gut besucht. Auch ein Besuch auf dem Nordturm, der \u00fcber einen Aufzug zug\u00e4nglich ist, lohnt sich.<\/p>\n\n\n\nngg_shortcode_0_placeholder\n\n\n\nngg_shortcode_1_placeholder\n\n\n\nngg_shortcode_2_placeholder\n\n\n\n<p>Wir schlenderten durch die Stadt, vorbei an der Kirche St. Peter.<\/p>\n\n\n\nngg_shortcode_3_placeholder\n\n\n\nngg_shortcode_4_placeholder\n\n\n\n<p>Vorbei an Gesch\u00e4ften und durch h\u00fcbsche Passagen&#8230;<\/p>\n\n\n\nngg_shortcode_5_placeholder\n\n\n\n<p>&#8230; zur Hofburg.<\/p>\n\n\n\nngg_shortcode_6_placeholder\n\n\n\n<p>Da uns nicht so sehr der Sinn nach Pferdedressur und Spanischer Hofreitschule steht, waren wir ganz begeistert, einen Hinweis auf eine Architekturf\u00fchrung in der Spanischen Hofreitschule entdeckt zu haben. Viele F\u00fchrungen sind ausgebucht, so dass wir gleich die Karten im voraus gekauft haben. Dazu sp\u00e4ter mehr.<\/p>\n\n\n\n<p>Zun\u00e4chst ging es weiter. An der h\u00fcbschen Schottenkirche entdeckten wir einen Ostermarkt. Nie im Leben haben wir so viele Ostereier auf einem Haufen gesehen!<\/p>\n\n\n\nngg_shortcode_7_placeholder\n\n\n\nngg_shortcode_8_placeholder\n\n\n\n<p>Die bedeutende neogotische Votivkirche punktet mit h\u00fcbschen Glasfenstern und bemalten  Decken und W\u00e4nden.<\/p>\n\n\n\nngg_shortcode_9_placeholder\n\n\n\nngg_shortcode_10_placeholder\n\n\n\nngg_shortcode_11_placeholder\n\n\n\nngg_shortcode_12_placeholder\n\n\n\n<p>Immer waren wir per U-Bahn unterwegs, auch wenn wir viel gelaufen sind.<\/p>\n\n\n\nngg_shortcode_13_placeholder\n\n\n\n<p>Die Karlskirche ist schon besonders. Aufgrund von Renovierungsarbeiten musste ein Fahrstuhl eingebaut werden, diesen nutzt man zus\u00e4tzlich auch f\u00fcr die Touristen, um einen Blick aus einer anderen Perspektive zu bieten. Das ist soweit gelungen, zumal parallel die riesige Kunstinstallation &#8222;Aeroscene&#8220; zu sehen war. Es handelt sich um teils verspiegelte Kugeln von 7 bis 10 Meter Durchmesser , die im Raum h\u00e4ngen und auf die Umwelt aufmerksam machen sollen. Optisch ein echter Hingucker.<\/p>\n\n\n\nngg_shortcode_14_placeholder\n\n\n\nngg_shortcode_15_placeholder\n\n\n\nngg_shortcode_16_placeholder\n\n\n\nngg_shortcode_17_placeholder\n\n\n\nngg_shortcode_18_placeholder\n\n\n\n<p>Der Naschmarkt ist super f\u00fcr warme Tage. Leider war es schweinekalt und wir konnten nur mit sehr viel M\u00fche und Warten einen kleinen Drinnen-Platz bei einem guten T\u00fcrken ergattern.<\/p>\n\n\n\nngg_shortcode_19_placeholder\n\n\n\nngg_shortcode_20_placeholder\n\n\n\n<p>Das Kunstmuseum Albertina mussten wir zeitbedingt auslassen.<\/p>\n\n\n\nngg_shortcode_21_placeholder\n\n\n\n<p>Auf dem Weg zu Hofreitschule entdeckten wir dicht bei die Kirche St. Augustin. Hier gibt es eine engagierte Gemeinde, die einen Ostermarkt organisert hatte. Ganz exquisiter Kuchen und viel Selbstgemachtes. Wir brachten uns einige Marmeladen mit und lernten, was ein Uhudler ist. Schaut mal hier in der <a href=\"https:\/\/de.wikipedia.org\/wiki\/Uhudler\">Wikipedia<\/a>. Das ist sehr interessant und auch lecker!<\/p>\n\n\n\nngg_shortcode_22_placeholder\n\n\n\n<p>Nun aber die Architekturf\u00fchrung in der Spanischen Hofreitschule.<\/p>\n\n\n\n<p>Wir konnten ansehen, wie die Pferde in der Stallburg untergebracht sind.<\/p>\n\n\n\nngg_shortcode_23_placeholder\n\n\n\nngg_shortcode_24_placeholder\n\n\n\nngg_shortcode_25_placeholder\n\n\n\n<p>Nat\u00fcrlich auch der Saal der Winterreitschule aus verschiedenen Persektiven.<\/p>\n\n\n\nngg_shortcode_26_placeholder\n\n\n\nngg_shortcode_27_placeholder\n\n\n\n<p>Und letztlich das spannenste, die Dachetagen der Winterreitschule bis ganz oben unter den Giebel.<\/p>\n\n\n\nngg_shortcode_28_placeholder\n\n\n\nngg_shortcode_29_placeholder\n\n\n\n<p>Mit einem grandiosen Ausblick aus den Dachfenstern. <\/p>\n\n\n\nngg_shortcode_30_placeholder\n\n\n\nngg_shortcode_31_placeholder\n\n\n\nngg_shortcode_32_placeholder\n\n\n\n<p>Sowohl von den \u00d6rtlichkeiten und auch den fachlichen Erl\u00e4uterungen ein gelungenes Highlight (f\u00fcr Architektur- und Fotofans). <\/p>\n\n\n\n<p>Der n\u00e4chste Tag war mehrheitlich Hundertwasser gewidmet. Zun\u00e4chst starteten wir mit dem Museum KUNST HAUS WIEN. Das Haus selbst ist wie immer beeindruckend. Noch besser waren die zahlreichen ausgestellten Bilder von ihm. Leider war die Beschriftung verbesserungsw\u00fcrdig, da sehr schwierig zu lesen, ohne Kontrast und in wilder sprachlicher Mischung. Hundertwasser hatte schon sehr skurile Gedankeng\u00e4nge, die er einfach in seiner ganz eigenen Art in Kunstwerke verpackte. Hier und da fand ich mich in den komischen \u00dcberlegungen wieder &#8211; ein wenig verr\u00fcckt.<\/p>\n\n\n\nngg_shortcode_33_placeholder\n\n\n\nngg_shortcode_34_placeholder\n\n\n\nngg_shortcode_35_placeholder\n\n\n\n<p>Dann hin\u00fcber zum nahegelegenen Hundertwasserhaus und der Hundertwasser Village. Immer einen Besuch wert!<\/p>\n\n\n\nngg_shortcode_36_placeholder\n\n\n\nngg_shortcode_37_placeholder\n\n\n\nngg_shortcode_38_placeholder\n\n\n\n<p>Viel gelesen haben wir zum Tagesabschluss im Museum des Architekturzentrums Wien, welches neben dem schwarzen Klotz des mumok (Markantes Museum f\u00fcr Moderne Kunst) liegt.<\/p>\n\n\n\nngg_shortcode_39_placeholder\n\n\n\n<p>Habt ihr gewusst, dass Wien um 1096 mit 1,8 Mio. Einwohnern weltweit die sechstgr\u00f6\u00dfte Stadt nach London, New York, Paris, Berlin und Chicago war? Heute sehen die Einwohnerzahlen ganz anders aus: Statt London mit 6,9 Mio. ist es nun Tokio mit 38 Mio., gefolgt von Jakarta und Delhi.<\/p>\n\n\n\nngg_shortcode_40_placeholder\n\n\n\n<p>Und immer wieder mal spacige U-Bahnstationen, wie diese am Westbahnhof.<\/p>\n\n\n\nngg_shortcode_41_placeholder\n","protected":false},"excerpt":{"rendered":"<p>Mit einer \u00dcbernachtung auf einem Stellplatz in Bad Schallerbach f\u00fchrte uns der weitere Weg nach Wien. W\u00e4hrend der Fahrt suchten wir per Mail den Kontakt zu einem anderen P\u00f6ssl-Freund aus dem Forum, mit dem wir uns Monate zuvor \u00fcber technische&hellip; <\/p>\n","protected":false},"author":3,"featured_media":0,"comment_status":"open","ping_status":"closed","sticky":false,"template":"","format":"standard","meta":{"ngg_post_thumbnail":0,"footnotes":""},"categories":[502],"tags":[677,574,673,687,671,672,230,685,688,676,680,684,686,679,682,668,560,674,621,678,435,670,660,681,675,620,683],"class_list":["post-4130","post","type-post","status-publish","format-standard","hentry","category-reisen-oesterreich","tag-albertina","tag-architektur","tag-architekturfuehrung","tag-architekturzentrum","tag-bad-schallerbach","tag-hofburg","tag-hundertwasser","tag-hundertwasser-village","tag-hundertwasserhaus","tag-karlskirche","tag-kunst","tag-kunst-haus-wien","tag-mumok","tag-naschmarkt","tag-ostermarkt","tag-perfektastrasse","tag-poessl-forum","tag-schottenkirche","tag-spanische-hofreitschule","tag-st-augustin","tag-st-peter","tag-stephansdom","tag-u-bahn","tag-uhudler","tag-votivkirche","tag-wien","tag-winterreitschule"],"_links":{"self":[{"href":"https:\/\/fruchtstueck.de\/index.php?rest_route=\/wp\/v2\/posts\/4130","targetHints":{"allow":["GET"]}}],"collection":[{"href":"https:\/\/fruchtstueck.de\/index.php?rest_route=\/wp\/v2\/posts"}],"about":[{"href":"https:\/\/fruchtstueck.de\/index.php?rest_route=\/wp\/v2\/types\/post"}],"author":[{"embeddable":true,"href":"https:\/\/fruchtstueck.de\/index.php?rest_route=\/wp\/v2\/users\/3"}],"replies":[{"embeddable":true,"href":"https:\/\/fruchtstueck.de\/index.php?rest_route=%2Fwp%2Fv2%2Fcomments&post=4130"}],"version-history":[{"count":8,"href":"https:\/\/fruchtstueck.de\/index.php?rest_route=\/wp\/v2\/posts\/4130\/revisions"}],"predecessor-version":[{"id":4224,"href":"https:\/\/fruchtstueck.de\/index.php?rest_route=\/wp\/v2\/posts\/4130\/revisions\/4224"}],"wp:attachment":[{"href":"https:\/\/fruchtstueck.de\/index.php?rest_route=%2Fwp%2Fv2%2Fmedia&parent=4130"}],"wp:term":[{"taxonomy":"category","embeddable":true,"href":"https:\/\/fruchtstueck.de\/index.php?rest_route=%2Fwp%2Fv2%2Fcategories&post=4130"},{"taxonomy":"post_tag","embeddable":true,"href":"https:\/\/fruchtstueck.de\/index.php?rest_route=%2Fwp%2Fv2%2Ftags&post=4130"}],"curies":[{"name":"wp","href":"https:\/\/api.w.org\/{rel}","templated":true}]}}