{"id":3677,"date":"2019-05-30T13:00:00","date_gmt":"2019-05-30T12:00:00","guid":{"rendered":"https:\/\/fruchtstueck.de\/?p=3677"},"modified":"2020-03-10T14:08:33","modified_gmt":"2020-03-10T13:08:33","slug":"25-3-wanderung-und-klettern-in-der-ruppertsklamm","status":"publish","type":"post","link":"https:\/\/fruchtstueck.de\/?p=3677","title":{"rendered":"#25.3 &#8211; Wanderung und Klettern in der Ruppertsklamm"},"content":{"rendered":"\n<p>Sozusagen fast schon wieder auf dem R\u00fcckweg haben wir an der Ruppertsklamm f\u00fcr eine Wanderung halt gemacht. Rein in die dicken Wanderschlappen und zun\u00e4chst steil bergauf. Puh!<\/p>\n\n\n\n<figure class=\"wp-block-image size-large\"><img loading=\"lazy\" decoding=\"async\" width=\"1024\" height=\"683\" src=\"https:\/\/fruchtstueck.de\/wp-content\/uploads\/20190601_100354_IMG_0651-1024x683.jpg\" alt=\"\" class=\"wp-image-3678\" srcset=\"https:\/\/fruchtstueck.de\/wp-content\/uploads\/20190601_100354_IMG_0651-1024x683.jpg 1024w, https:\/\/fruchtstueck.de\/wp-content\/uploads\/20190601_100354_IMG_0651-768x512.jpg 768w, https:\/\/fruchtstueck.de\/wp-content\/uploads\/20190601_100354_IMG_0651.jpg 1200w\" sizes=\"auto, (max-width: 1024px) 100vw, 1024px\" \/><\/figure>\n\n\n\n<p>Die Lahnblick Liege bietet eine kurze Erholungspause mit Aussicht.<\/p>\n\n\n\n<figure class=\"wp-block-image size-large\"><img loading=\"lazy\" decoding=\"async\" width=\"1024\" height=\"768\" src=\"https:\/\/fruchtstueck.de\/wp-content\/uploads\/20190601_100735_IMG_8977-1024x768.jpg\" alt=\"\" class=\"wp-image-3679\" srcset=\"https:\/\/fruchtstueck.de\/wp-content\/uploads\/20190601_100735_IMG_8977-1024x768.jpg 1024w, https:\/\/fruchtstueck.de\/wp-content\/uploads\/20190601_100735_IMG_8977-768x576.jpg 768w, https:\/\/fruchtstueck.de\/wp-content\/uploads\/20190601_100735_IMG_8977.jpg 1200w\" sizes=\"auto, (max-width: 1024px) 100vw, 1024px\" \/><\/figure>\n\n\n\n<p>Irgendwann ging es dann abw\u00e4rts. Erst seicht und matschig. Sicherlich nett f\u00fcr Wildschweine.<\/p>\n\n\n\n<figure class=\"wp-block-image size-large\"><img loading=\"lazy\" decoding=\"async\" width=\"1024\" height=\"683\" src=\"https:\/\/fruchtstueck.de\/wp-content\/uploads\/20190601_114416_IMG_0661-1024x683.jpg\" alt=\"\" class=\"wp-image-3680\" srcset=\"https:\/\/fruchtstueck.de\/wp-content\/uploads\/20190601_114416_IMG_0661-1024x683.jpg 1024w, https:\/\/fruchtstueck.de\/wp-content\/uploads\/20190601_114416_IMG_0661-768x512.jpg 768w, https:\/\/fruchtstueck.de\/wp-content\/uploads\/20190601_114416_IMG_0661.jpg 1200w\" sizes=\"auto, (max-width: 1024px) 100vw, 1024px\" \/><\/figure>\n\n\n\n<p>Dann wurde es richtig klasse (zumindest f\u00fcr mich, Martin hat&#8217;s damit so gar nicht): Steil, nass, rutschig und mit ein wenig Klettern.<\/p>\n\n\n\n<figure class=\"wp-block-image size-large\"><img loading=\"lazy\" decoding=\"async\" width=\"768\" height=\"1024\" src=\"https:\/\/fruchtstueck.de\/wp-content\/uploads\/20190601_115831_IMG_4265-768x1024.jpg\" alt=\"\" class=\"wp-image-3681\" srcset=\"https:\/\/fruchtstueck.de\/wp-content\/uploads\/20190601_115831_IMG_4265-768x1024.jpg 768w, https:\/\/fruchtstueck.de\/wp-content\/uploads\/20190601_115831_IMG_4265.jpg 900w\" sizes=\"auto, (max-width: 768px) 100vw, 768px\" \/><\/figure>\n\n\n\n<figure class=\"wp-block-image size-large\"><img loading=\"lazy\" decoding=\"async\" width=\"1024\" height=\"768\" src=\"https:\/\/fruchtstueck.de\/wp-content\/uploads\/20190601_120307_IMG_4274-1024x768.jpg\" alt=\"\" class=\"wp-image-3682\" srcset=\"https:\/\/fruchtstueck.de\/wp-content\/uploads\/20190601_120307_IMG_4274-1024x768.jpg 1024w, https:\/\/fruchtstueck.de\/wp-content\/uploads\/20190601_120307_IMG_4274-768x576.jpg 768w, https:\/\/fruchtstueck.de\/wp-content\/uploads\/20190601_120307_IMG_4274.jpg 1200w\" sizes=\"auto, (max-width: 1024px) 100vw, 1024px\" \/><\/figure>\n\n\n\n<figure class=\"wp-block-image size-large\"><img loading=\"lazy\" decoding=\"async\" width=\"768\" height=\"1024\" src=\"https:\/\/fruchtstueck.de\/wp-content\/uploads\/20190601_120600_IMG_4279-768x1024.jpg\" alt=\"\" class=\"wp-image-3683\" srcset=\"https:\/\/fruchtstueck.de\/wp-content\/uploads\/20190601_120600_IMG_4279-768x1024.jpg 768w, https:\/\/fruchtstueck.de\/wp-content\/uploads\/20190601_120600_IMG_4279.jpg 900w\" sizes=\"auto, (max-width: 768px) 100vw, 768px\" \/><\/figure>\n\n\n\n<figure class=\"wp-block-image size-large\"><img loading=\"lazy\" decoding=\"async\" width=\"1024\" height=\"683\" src=\"https:\/\/fruchtstueck.de\/wp-content\/uploads\/20190601_121025_IMG_0670-1024x683.jpg\" alt=\"\" class=\"wp-image-3684\" srcset=\"https:\/\/fruchtstueck.de\/wp-content\/uploads\/20190601_121025_IMG_0670-1024x683.jpg 1024w, https:\/\/fruchtstueck.de\/wp-content\/uploads\/20190601_121025_IMG_0670-768x512.jpg 768w, https:\/\/fruchtstueck.de\/wp-content\/uploads\/20190601_121025_IMG_0670.jpg 1200w\" sizes=\"auto, (max-width: 1024px) 100vw, 1024px\" \/><\/figure>\n\n\n\n<p>Yeah!<\/p>\n","protected":false},"excerpt":{"rendered":"<p>Sozusagen fast schon wieder auf dem R\u00fcckweg haben wir an der Ruppertsklamm f\u00fcr eine Wanderung halt gemacht. Rein in die dicken Wanderschlappen und zun\u00e4chst steil bergauf. Puh! Die Lahnblick Liege bietet eine kurze Erholungspause mit Aussicht. Irgendwann ging es dann&hellip; <\/p>\n","protected":false},"author":3,"featured_media":0,"comment_status":"open","ping_status":"closed","sticky":false,"template":"","format":"standard","meta":{"ngg_post_thumbnail":0,"footnotes":""},"categories":[5],"tags":[601,602,600],"class_list":["post-3677","post","type-post","status-publish","format-standard","hentry","category-deutschland","tag-koblenz","tag-lahn","tag-ruppertsklamm"],"_links":{"self":[{"href":"https:\/\/fruchtstueck.de\/index.php?rest_route=\/wp\/v2\/posts\/3677","targetHints":{"allow":["GET"]}}],"collection":[{"href":"https:\/\/fruchtstueck.de\/index.php?rest_route=\/wp\/v2\/posts"}],"about":[{"href":"https:\/\/fruchtstueck.de\/index.php?rest_route=\/wp\/v2\/types\/post"}],"author":[{"embeddable":true,"href":"https:\/\/fruchtstueck.de\/index.php?rest_route=\/wp\/v2\/users\/3"}],"replies":[{"embeddable":true,"href":"https:\/\/fruchtstueck.de\/index.php?rest_route=%2Fwp%2Fv2%2Fcomments&post=3677"}],"version-history":[{"count":1,"href":"https:\/\/fruchtstueck.de\/index.php?rest_route=\/wp\/v2\/posts\/3677\/revisions"}],"predecessor-version":[{"id":3685,"href":"https:\/\/fruchtstueck.de\/index.php?rest_route=\/wp\/v2\/posts\/3677\/revisions\/3685"}],"wp:attachment":[{"href":"https:\/\/fruchtstueck.de\/index.php?rest_route=%2Fwp%2Fv2%2Fmedia&parent=3677"}],"wp:term":[{"taxonomy":"category","embeddable":true,"href":"https:\/\/fruchtstueck.de\/index.php?rest_route=%2Fwp%2Fv2%2Fcategories&post=3677"},{"taxonomy":"post_tag","embeddable":true,"href":"https:\/\/fruchtstueck.de\/index.php?rest_route=%2Fwp%2Fv2%2Ftags&post=3677"}],"curies":[{"name":"wp","href":"https:\/\/api.w.org\/{rel}","templated":true}]}}